{"id":4965,"__str__":"Indica\u00e7\u00e3o n\u00ba 259 de 2013","link_detail_backend":"/materia/4965","metadata":{},"numero":259,"ano":2013,"numero_protocolo":null,"data_apresentacao":"2013-03-12","tipo_apresentacao":"E","data_publicacao":null,"numero_origem_externa":"","ano_origem_externa":null,"data_origem_externa":null,"apelido":"","dias_prazo":null,"data_fim_prazo":null,"em_tramitacao":true,"polemica":false,"objeto":"","complementar":false,"ementa":"INDICA AO EXMO. SR. PREFEITO MUNICIPAL QUE EM PARCERIA COM A UNIVERSIDADE SEVERINO SOMBRA E A SECRETARIA DE ESTADO DE SA\u00daDE, ESTUDE A VIABILIDADE DE IMPLANTAR UM N\u00daCLEO DE CAPACITA\u00c7\u00c3O PARA EQUIPES DA ESTRAT\u00c9GIA SA\u00daDE DA FAM\u00cdLIA.","indexacao":"","observacao":"","resultado":"","texto_original":"http://sapl.vassouras.rj.leg.br/media/sapl/public/materialegislativa/2013/4965/4965_texto_integral.pdf","data_ultima_atualizacao":"2018-10-16T12:40:01.174249-03:00","ip":"","ultima_edicao":null,"tipo":8,"regime_tramitacao":1,"tipo_origem_externa":null,"local_origem_externa":null,"user":null,"anexadas":[],"autores":[96]}