{"id":4681,"__str__":"Autoria: Gerald\u00e3o - Indica\u00e7\u00e3o n\u00ba 879 de 2013","link_detail_backend":"/materia/autoria/4681","metadata":{},"primeiro_autor":false,"autor":53,"materia":5666}